{"id":1162,"date":"2020-03-06T14:43:57","date_gmt":"2020-03-06T19:43:57","guid":{"rendered":"http:\/\/www.presbyterianmission.org\/together-justice\/?p=1162"},"modified":"2020-03-27T14:43:36","modified_gmt":"2020-03-27T18:43:36","slug":"buscando-una-razon-de-servicio","status":"publish","type":"post","link":"https:\/\/centernet.pcusa.org\/together-justice\/2020\/03\/06\/buscando-una-razon-de-servicio\/","title":{"rendered":"Buscando una Raz\u00f3n de Servicio"},"content":{"rendered":"<h3>Reflexionando sobre 8 A\u00f1os de la Red Uniendo Manos El Salvador<\/h3>\n<h5>De Doris Evangelista | ARUMES<\/h5>\n<a href=\"https:\/\/www.presbyterianmission.org\/together-justice\/2020\/03\/06\/seeking-a-reason-to-serve\/?preview_id=1115&amp;preview_nonce=f5dd24ef11&amp;post_format=standard&amp;_thumbnail_id=1116&amp;preview=true\">For the English version<\/a><a href=\"https:\/\/www.presbyterianmission.org\/wp-content\/uploads\/sites\/21\/doris-caravana-interview-scaled.jpg\" title=\"\" rel=\"lightbox-0\"><img loading=\"lazy\" decoding=\"async\" class=\"wp-image-1116 size-full\" src=\"https:\/\/www.presbyterianmission.org\/wp-content\/uploads\/sites\/21\/doris-caravana-interview-scaled.jpg\" alt=\"\" width=\"2560\" height=\"1438\" \/><\/a>\n<p>Doris speaks to the media. Photo courtesy of ARUMES.En septiembre del 2011 decid\u00ed renunciar a mi trabajo, d\u00e1ndome tiempo para buscar uno nuevo, encontr\u00e9 una oferta muy buena, y en ese proceso estaba cuando yo escuche que la Red Uniendo Manos El Salvador buscaba una persona que coordinara su trabajo, al llegar a la entrevista con la red y conocer su programa me enfrente a una lucha tan dif\u00edcil de coraz\u00f3n y cerebro porque sabia desde el primer momento que algo as\u00ed era lo que buscaba, pero no ganar\u00eda lo que el otro trabajo me ofrec\u00eda ; or\u00e9, di un paso de fe y acept\u00e9.<\/p>\n<p>Empec\u00e9 a trabajar con la Red unos meses a medio tiempo, sin oficina, sin veh\u00edculo, sueldo bajo y horas largas de trabajo, pensaba solo por unos meses, pero ya llevo 8 a\u00f1os aqu\u00ed.<\/p>\n<p>Antes de empezar la posici\u00f3n, yo tenia 31 a\u00f1os de experiencia trabajando en comunidades y con educaci\u00f3n en docencia y desarrollo local pero no contaba con mucha experiencia en incidencia. Con muchas ganas de aprender decid\u00ed emprender el reto y trabajar con JH por Justicia y Paz en El Salvador.<\/p>\n<div id=\"attachment_1122\" style=\"width: 427px\" class=\"wp-caption alignleft\"><a href=\"https:\/\/www.presbyterianmission.org\/wp-content\/uploads\/sites\/21\/PHOTO-2018-12-06-13-48-28-crop.jpg\" title=\"\" rel=\"lightbox-1\"><img loading=\"lazy\" decoding=\"async\" aria-describedby=\"caption-attachment-1122\" class=\" wp-image-1122\" src=\"https:\/\/www.presbyterianmission.org\/wp-content\/uploads\/sites\/21\/PHOTO-2018-12-06-13-48-28-crop-500x360.jpg\" alt=\"\" width=\"417\" height=\"300\" srcset=\"https:\/\/centernet.pcusa.org\/wp-content\/uploads\/sites\/21\/PHOTO-2018-12-06-13-48-28-crop-500x360.jpg 500w, https:\/\/centernet.pcusa.org\/wp-content\/uploads\/sites\/21\/PHOTO-2018-12-06-13-48-28-crop-1024x736.jpg 1024w, https:\/\/centernet.pcusa.org\/wp-content\/uploads\/sites\/21\/PHOTO-2018-12-06-13-48-28-crop-1000x719.jpg 1000w, https:\/\/centernet.pcusa.org\/wp-content\/uploads\/sites\/21\/PHOTO-2018-12-06-13-48-28-crop.jpg 1289w\" sizes=\"(max-width: 417px) 100vw, 417px\" \/><\/a><p id=\"caption-attachment-1122\" class=\"wp-caption-text\">Doris stands outside a church wall where the words are written \u201cWith these people its not difficult to be a good pastor.\u201d Photo credit Valery Nodem.<\/p><\/div>\n<p>Decid\u00ed hacer esto porque Jes\u00fas nos llama a abogar por los pobres, no olvidar a la viuda y hu\u00e9rfano, visitar al enfermo, dar pan al hambriento y cubrir al que esta desnudo. Estos son frases b\u00edblicas que las conocemos pero no actuamos para cambiarlas . Son frases que cruzaron en mi cabeza desde que era una ni\u00f1a, porque cuando tenia\u00a0 4 a\u00f1os de edad falleci\u00f3 mi padre por una neumon\u00eda. Si solo hubi\u00e9ramos tenido el dinero para comprar sus medicinas no hubiera muerto. Soy la n\u00famero 7 de 8 hermanos, mi hermana y hermano mayor de 16 y 14 a\u00f1os comenzaron a trabajar y mi mama\u00a0 trabajaba como empleada domestica en casas particulares.<\/p>\n<p>Hemos ido a la iglesia desde que tengo memoria.\u00a0 Vi a mi madre viuda y hermanos\u00a0 trabajar para que no nos faltara la comida en la mesa, \u00e9ramos pobres y hu\u00e9rfanos y nunca vi a la iglesia visitarnos para ayudarnos,\u00a0 en medio de todo eso, Dios nunca nos abandon\u00f3.\u00a0 Mi abuela y madre dos mujeres de oraci\u00f3n que nos ense\u00f1aron el poder activo de la fe que nos mantuvo vivos. Nunca nos falt\u00f3 casa, comida y abrigo, fuimos una familia feliz con todas las limitantes de una familia pobre que logr\u00f3 salir adelante.<\/p>\n<p>La Red Uniendo Manos no hace proyectos de casas, puentes o calles, no tenemos una foto que mostrar donde se pueda ver lo que hacemos, sin embargo la red construye ideas con las personas en las comunidades. Capacitamos personas a nivel nacional para que puedan alzar su vos y exigir sus derechos. Trabajamos en sensibilizar con el tema de los pesticidas y como nos afectan en todos los sentidos de la vida.<\/p>\n<p>ARUMES, la Red Uniendo Manos de El Salvador, es una organizaci\u00f3n diferente a todas las dem\u00e1s.\u00a0 Enfocarnos en una agricultura libre de pesticidas como tema de campa\u00f1a es un gran reto,\u00a0 abogar por los mas desprotegidos, ser su voz y ser su gu\u00eda. Enfocarnos es incidir en pol\u00edticas publicas, construir propuestas de ley que favorezcan a la poblaci\u00f3n mas vulnerable de todo el pa\u00eds no ha sido f\u00e1cil, pero lo hemos hecho.<\/p>\n<p>La lucha contra pesticidas es un tema de poder econ\u00f3mico a nivel mundial. Las corporaciones hacen ganancias excesivas de la venta de pesticidas mientras. los pacientes renales debido a ser expuestos a pesticidas toxicas no cuentan con los medicamentos que necesitan.<\/p>\n<div id=\"attachment_1123\" style=\"width: 404px\" class=\"wp-caption alignleft\"><a href=\"https:\/\/www.presbyterianmission.org\/wp-content\/uploads\/sites\/21\/uls6.jpeg\" title=\"\" rel=\"lightbox-2\"><img loading=\"lazy\" decoding=\"async\" aria-describedby=\"caption-attachment-1123\" class=\" wp-image-1123\" src=\"https:\/\/www.presbyterianmission.org\/wp-content\/uploads\/sites\/21\/uls6-500x254.jpeg\" alt=\"\" width=\"394\" height=\"200\" srcset=\"https:\/\/centernet.pcusa.org\/wp-content\/uploads\/sites\/21\/uls6-500x254.jpeg 500w, https:\/\/centernet.pcusa.org\/wp-content\/uploads\/sites\/21\/uls6.jpeg 960w\" sizes=\"(max-width: 394px) 100vw, 394px\" \/><\/a><p id=\"caption-attachment-1123\" class=\"wp-caption-text\">An ARUMES banner which reads \u201cFor an Agriculture free from Agrotoxins.\u201d<\/p><\/div>\n<p>Acompa\u00f1ar comunidades donde sus derechos a una vida saludable han sido violentados, donde sufren enfermedades causadas por los pesticidas que las avionetas fumigan en las plantaciones de ca\u00f1a. Son comunidades pobres olvidadas en donde muchos mueren a pausas por no tener acceso a tratamientos adecuados a tiempo. Como Red visitamos a las viudas, hu\u00e9rfanos y oramos por ellos. No damos comida pero apoyamos con asistencia t\u00e9cnica para que las familias pobres cultiven alimentos sanos.<\/p>\n<p>Hay mucho mas por hacer, estoy consciente que los desaf\u00edos son fuertes.\u00a0 Las campa\u00f1as de los partidos pol\u00edticos que son los tomadores de decisi\u00f3n son financiadas por las mismas empresas que son due\u00f1as de las plantaciones de la ca\u00f1a y otras empresas explotadores de agua. Los ambientalistas son perseguidos en Guatemala, Honduras y otros pa\u00edses y estamos en riesgo de ser perseguidos aqu\u00ed como luchamos contra gigantes, pero seguiremos caminando confiando que la justicia prevalecer\u00e1.<\/p>\n<p>A pesar de todos los desaf\u00edos, muchas mas comunidades est\u00e1n haciendo denuncias y exigiendo soluciones a los problemas que enfrentan. Se suman y apoyan\u00a0 el trabajo de la red, hay mas conciencia y sensibilidad en las personas afectadas directas en participar activamente en las actividades de incidencia, otras organizaciones suman esfuerzos para unirnos en un solo bloque de lucha. Vemos ahora muchos frutos y vemos a las comunidades afectadas siendo protagonistas de estos cambios que lo ve\u00edan como una ilusi\u00f3n pero con la Red se capacitaron para la acci\u00f3n y ellos est\u00e1n activos y\u00a0 manteniendo\u00a0 sus problemas en la agenda de los medios de comunicaci\u00f3n.<\/p>\n<p>Viviendo por la guerra de 12 a\u00f1os en El Salvador me dio un entendimiento de la injusticia\u00a0 y la falta de seguridad. Trabajar para la Red Uniendo Manos, PCUSA cambi\u00f3 mi perspectiva de Justicia y Paz. He tenido momentos donde he llorado y me han faltado fuerzas, pero nunca he dejado de tener fe y creer que lo que hemos logrado en estos 8 a\u00f1os ha marcado una diferencia en este pa\u00eds.<\/p>\n<p>Reconozco ahora que la Paz y la Justicia no se logran con ruido de metralla, sino que se alcanzan con la lucha consciente y constante, caminar, acompa\u00f1ar y alzar la voz por los m\u00e1s pobres y desprotegidos.<\/p>\n<p><em>The work of the Presbyterian Hunger Program is possible thanks to your gifts to\u00a0<\/em><a href=\"https:\/\/www.presbyterianmission.org\/donate\/og300000\/\"><em>One Great Hour of Sharing<\/em><\/a><\/p>\n","protected":false},"excerpt":{"rendered":"Reflexionando sobre 8 A\u00f1os de la Red Uniendo Manos El Salvador De Doris Evangelista | ARUMES For the English version Doris speaks to the media. Photo courtesy of ARUMES.En septiembre del 2011 decid\u00ed renunciar a mi trabajo, d\u00e1ndome tiempo para buscar uno nuevo, encontr\u00e9 una oferta muy buena, y en ese proceso estaba cuando yo&#8230;  <a class=\"excerpt-read-more\" href=\"https:\/\/centernet.pcusa.org\/together-justice\/2020\/03\/06\/buscando-una-razon-de-servicio\/\" title=\"ReadBuscando una Raz\u00f3n de Servicio\">Read more &raquo;<\/a>","protected":false},"author":50,"featured_media":1116,"comment_status":"open","ping_status":"open","sticky":false,"template":"","format":"standard","meta":{"_acf_changed":false,"ngg_post_thumbnail":0,"footnotes":""},"categories":[49,58,57],"tags":[63,59,6,8,19],"class_list":["post-1162","post","type-post","status-publish","format-standard","has-post-thumbnail","hentry","category-advocacy","category-el-salvador","category-food-sovereignty","tag-agriculture","tag-agrotoxins","tag-el-salvador","tag-food","tag-joining-hands"],"yoast_head":"<!-- This site is optimized with the Yoast SEO Premium plugin v22.5 (Yoast SEO v23.5) - https:\/\/yoast.com\/wordpress\/plugins\/seo\/ -->\n<title>Buscando una Raz\u00f3n de Servicio - Together for Justice<\/title>\n<meta name=\"robots\" content=\"index, follow, max-snippet:-1, max-image-preview:large, max-video-preview:-1\" \/>\n<link rel=\"canonical\" href=\"https:\/\/centernet.pcusa.org\/together-justice\/2020\/03\/06\/buscando-una-razon-de-servicio\/\" \/>\n<meta property=\"og:locale\" content=\"en_US\" \/>\n<meta property=\"og:type\" content=\"article\" \/>\n<meta property=\"og:title\" content=\"Buscando una Raz\u00f3n de Servicio\" \/>\n<meta property=\"og:description\" content=\"Reflexionando sobre 8 A\u00f1os de la Red Uniendo Manos El Salvador De Doris Evangelista | ARUMES For the English version Doris speaks to the media. Photo courtesy of ARUMES.En septiembre del 2011 decid\u00ed renunciar a mi trabajo, d\u00e1ndome tiempo para buscar uno nuevo, encontr\u00e9 una oferta muy buena, y en ese proceso estaba cuando yo... Read more &raquo;\" \/>\n<meta property=\"og:url\" content=\"https:\/\/centernet.pcusa.org\/together-justice\/2020\/03\/06\/buscando-una-razon-de-servicio\/\" \/>\n<meta property=\"og:site_name\" content=\"Together for Justice\" \/>\n<meta property=\"article:published_time\" content=\"2020-03-06T19:43:57+00:00\" \/>\n<meta property=\"article:modified_time\" content=\"2020-03-27T18:43:36+00:00\" \/>\n<meta property=\"og:image\" content=\"https:\/\/centernet.pcusa.org\/wp-content\/uploads\/sites\/21\/doris-caravana-interview-scaled-e1584038619212.jpg\" \/>\n\t<meta property=\"og:image:width\" content=\"400\" \/>\n\t<meta property=\"og:image:height\" content=\"225\" \/>\n\t<meta property=\"og:image:type\" content=\"image\/jpeg\" \/>\n<meta name=\"author\" content=\"Eileen Schuhmann\" \/>\n<meta name=\"twitter:card\" content=\"summary_large_image\" \/>\n<meta name=\"twitter:label1\" content=\"Written by\" \/>\n\t<meta name=\"twitter:data1\" content=\"Eileen Schuhmann\" \/>\n\t<meta name=\"twitter:label2\" content=\"Est. reading time\" \/>\n\t<meta name=\"twitter:data2\" content=\"5 minutes\" \/>\n<script type=\"application\/ld+json\" class=\"yoast-schema-graph\">{\"@context\":\"https:\/\/schema.org\",\"@graph\":[{\"@type\":\"WebPage\",\"@id\":\"https:\/\/centernet.pcusa.org\/together-justice\/2020\/03\/06\/buscando-una-razon-de-servicio\/\",\"url\":\"https:\/\/centernet.pcusa.org\/together-justice\/2020\/03\/06\/buscando-una-razon-de-servicio\/\",\"name\":\"Buscando una Raz\u00f3n de Servicio - Together for Justice\",\"isPartOf\":{\"@id\":\"https:\/\/centernet.pcusa.org\/together-justice\/#website\"},\"primaryImageOfPage\":{\"@id\":\"https:\/\/centernet.pcusa.org\/together-justice\/2020\/03\/06\/buscando-una-razon-de-servicio\/#primaryimage\"},\"image\":{\"@id\":\"https:\/\/centernet.pcusa.org\/together-justice\/2020\/03\/06\/buscando-una-razon-de-servicio\/#primaryimage\"},\"thumbnailUrl\":\"https:\/\/centernet.pcusa.org\/wp-content\/uploads\/sites\/21\/doris-caravana-interview-scaled-e1584038619212.jpg\",\"datePublished\":\"2020-03-06T19:43:57+00:00\",\"dateModified\":\"2020-03-27T18:43:36+00:00\",\"author\":{\"@id\":\"https:\/\/centernet.pcusa.org\/together-justice\/#\/schema\/person\/bf4526b5c2403a9fa3134e3fab5fa7c0\"},\"breadcrumb\":{\"@id\":\"https:\/\/centernet.pcusa.org\/together-justice\/2020\/03\/06\/buscando-una-razon-de-servicio\/#breadcrumb\"},\"inLanguage\":\"en-US\",\"potentialAction\":[{\"@type\":\"ReadAction\",\"target\":[\"https:\/\/centernet.pcusa.org\/together-justice\/2020\/03\/06\/buscando-una-razon-de-servicio\/\"]}]},{\"@type\":\"ImageObject\",\"inLanguage\":\"en-US\",\"@id\":\"https:\/\/centernet.pcusa.org\/together-justice\/2020\/03\/06\/buscando-una-razon-de-servicio\/#primaryimage\",\"url\":\"https:\/\/centernet.pcusa.org\/wp-content\/uploads\/sites\/21\/doris-caravana-interview-scaled-e1584038619212.jpg\",\"contentUrl\":\"https:\/\/centernet.pcusa.org\/wp-content\/uploads\/sites\/21\/doris-caravana-interview-scaled-e1584038619212.jpg\",\"width\":400,\"height\":225},{\"@type\":\"BreadcrumbList\",\"@id\":\"https:\/\/centernet.pcusa.org\/together-justice\/2020\/03\/06\/buscando-una-razon-de-servicio\/#breadcrumb\",\"itemListElement\":[{\"@type\":\"ListItem\",\"position\":1,\"name\":\"Home\",\"item\":\"https:\/\/centernet.pcusa.org\/together-justice\/\"},{\"@type\":\"ListItem\",\"position\":2,\"name\":\"Buscando una Raz\u00f3n de Servicio\"}]},{\"@type\":\"WebSite\",\"@id\":\"https:\/\/centernet.pcusa.org\/together-justice\/#website\",\"url\":\"https:\/\/centernet.pcusa.org\/together-justice\/\",\"name\":\"Together for Justice\",\"description\":\"International Development and Advocacy\",\"potentialAction\":[{\"@type\":\"SearchAction\",\"target\":{\"@type\":\"EntryPoint\",\"urlTemplate\":\"https:\/\/centernet.pcusa.org\/together-justice\/?s={search_term_string}\"},\"query-input\":{\"@type\":\"PropertyValueSpecification\",\"valueRequired\":true,\"valueName\":\"search_term_string\"}}],\"inLanguage\":\"en-US\"},{\"@type\":\"Person\",\"@id\":\"https:\/\/centernet.pcusa.org\/together-justice\/#\/schema\/person\/bf4526b5c2403a9fa3134e3fab5fa7c0\",\"name\":\"Eileen Schuhmann\",\"image\":{\"@type\":\"ImageObject\",\"inLanguage\":\"en-US\",\"@id\":\"https:\/\/centernet.pcusa.org\/together-justice\/#\/schema\/person\/image\/\",\"url\":\"https:\/\/secure.gravatar.com\/avatar\/269a36ccaecffdd8c4707b5eff4425b5?s=96&d=mm&r=g\",\"contentUrl\":\"https:\/\/secure.gravatar.com\/avatar\/269a36ccaecffdd8c4707b5eff4425b5?s=96&d=mm&r=g\",\"caption\":\"Eileen Schuhmann\"},\"url\":\"https:\/\/centernet.pcusa.org\/together-justice\/author\/eileenschuhmann\/\"}]}<\/script>\n<!-- \/ Yoast SEO Premium plugin. -->","yoast_head_json":{"title":"Buscando una Raz\u00f3n de Servicio - Together for Justice","robots":{"index":"index","follow":"follow","max-snippet":"max-snippet:-1","max-image-preview":"max-image-preview:large","max-video-preview":"max-video-preview:-1"},"canonical":"https:\/\/centernet.pcusa.org\/together-justice\/2020\/03\/06\/buscando-una-razon-de-servicio\/","og_locale":"en_US","og_type":"article","og_title":"Buscando una Raz\u00f3n de Servicio","og_description":"Reflexionando sobre 8 A\u00f1os de la Red Uniendo Manos El Salvador De Doris Evangelista | ARUMES For the English version Doris speaks to the media. Photo courtesy of ARUMES.En septiembre del 2011 decid\u00ed renunciar a mi trabajo, d\u00e1ndome tiempo para buscar uno nuevo, encontr\u00e9 una oferta muy buena, y en ese proceso estaba cuando yo... Read more &raquo;","og_url":"https:\/\/centernet.pcusa.org\/together-justice\/2020\/03\/06\/buscando-una-razon-de-servicio\/","og_site_name":"Together for Justice","article_published_time":"2020-03-06T19:43:57+00:00","article_modified_time":"2020-03-27T18:43:36+00:00","og_image":[{"width":400,"height":225,"url":"https:\/\/centernet.pcusa.org\/wp-content\/uploads\/sites\/21\/doris-caravana-interview-scaled-e1584038619212.jpg","type":"image\/jpeg"}],"author":"Eileen Schuhmann","twitter_card":"summary_large_image","twitter_misc":{"Written by":"Eileen Schuhmann","Est. reading time":"5 minutes"},"schema":{"@context":"https:\/\/schema.org","@graph":[{"@type":"WebPage","@id":"https:\/\/centernet.pcusa.org\/together-justice\/2020\/03\/06\/buscando-una-razon-de-servicio\/","url":"https:\/\/centernet.pcusa.org\/together-justice\/2020\/03\/06\/buscando-una-razon-de-servicio\/","name":"Buscando una Raz\u00f3n de Servicio - Together for Justice","isPartOf":{"@id":"https:\/\/centernet.pcusa.org\/together-justice\/#website"},"primaryImageOfPage":{"@id":"https:\/\/centernet.pcusa.org\/together-justice\/2020\/03\/06\/buscando-una-razon-de-servicio\/#primaryimage"},"image":{"@id":"https:\/\/centernet.pcusa.org\/together-justice\/2020\/03\/06\/buscando-una-razon-de-servicio\/#primaryimage"},"thumbnailUrl":"https:\/\/centernet.pcusa.org\/wp-content\/uploads\/sites\/21\/doris-caravana-interview-scaled-e1584038619212.jpg","datePublished":"2020-03-06T19:43:57+00:00","dateModified":"2020-03-27T18:43:36+00:00","author":{"@id":"https:\/\/centernet.pcusa.org\/together-justice\/#\/schema\/person\/bf4526b5c2403a9fa3134e3fab5fa7c0"},"breadcrumb":{"@id":"https:\/\/centernet.pcusa.org\/together-justice\/2020\/03\/06\/buscando-una-razon-de-servicio\/#breadcrumb"},"inLanguage":"en-US","potentialAction":[{"@type":"ReadAction","target":["https:\/\/centernet.pcusa.org\/together-justice\/2020\/03\/06\/buscando-una-razon-de-servicio\/"]}]},{"@type":"ImageObject","inLanguage":"en-US","@id":"https:\/\/centernet.pcusa.org\/together-justice\/2020\/03\/06\/buscando-una-razon-de-servicio\/#primaryimage","url":"https:\/\/centernet.pcusa.org\/wp-content\/uploads\/sites\/21\/doris-caravana-interview-scaled-e1584038619212.jpg","contentUrl":"https:\/\/centernet.pcusa.org\/wp-content\/uploads\/sites\/21\/doris-caravana-interview-scaled-e1584038619212.jpg","width":400,"height":225},{"@type":"BreadcrumbList","@id":"https:\/\/centernet.pcusa.org\/together-justice\/2020\/03\/06\/buscando-una-razon-de-servicio\/#breadcrumb","itemListElement":[{"@type":"ListItem","position":1,"name":"Home","item":"https:\/\/centernet.pcusa.org\/together-justice\/"},{"@type":"ListItem","position":2,"name":"Buscando una Raz\u00f3n de Servicio"}]},{"@type":"WebSite","@id":"https:\/\/centernet.pcusa.org\/together-justice\/#website","url":"https:\/\/centernet.pcusa.org\/together-justice\/","name":"Together for Justice","description":"International Development and Advocacy","potentialAction":[{"@type":"SearchAction","target":{"@type":"EntryPoint","urlTemplate":"https:\/\/centernet.pcusa.org\/together-justice\/?s={search_term_string}"},"query-input":{"@type":"PropertyValueSpecification","valueRequired":true,"valueName":"search_term_string"}}],"inLanguage":"en-US"},{"@type":"Person","@id":"https:\/\/centernet.pcusa.org\/together-justice\/#\/schema\/person\/bf4526b5c2403a9fa3134e3fab5fa7c0","name":"Eileen Schuhmann","image":{"@type":"ImageObject","inLanguage":"en-US","@id":"https:\/\/centernet.pcusa.org\/together-justice\/#\/schema\/person\/image\/","url":"https:\/\/secure.gravatar.com\/avatar\/269a36ccaecffdd8c4707b5eff4425b5?s=96&d=mm&r=g","contentUrl":"https:\/\/secure.gravatar.com\/avatar\/269a36ccaecffdd8c4707b5eff4425b5?s=96&d=mm&r=g","caption":"Eileen Schuhmann"},"url":"https:\/\/centernet.pcusa.org\/together-justice\/author\/eileenschuhmann\/"}]}},"acf":[],"_links":{"self":[{"href":"https:\/\/centernet.pcusa.org\/together-justice\/wp-json\/wp\/v2\/posts\/1162"}],"collection":[{"href":"https:\/\/centernet.pcusa.org\/together-justice\/wp-json\/wp\/v2\/posts"}],"about":[{"href":"https:\/\/centernet.pcusa.org\/together-justice\/wp-json\/wp\/v2\/types\/post"}],"author":[{"embeddable":true,"href":"https:\/\/centernet.pcusa.org\/together-justice\/wp-json\/wp\/v2\/users\/50"}],"replies":[{"embeddable":true,"href":"https:\/\/centernet.pcusa.org\/together-justice\/wp-json\/wp\/v2\/comments?post=1162"}],"version-history":[{"count":4,"href":"https:\/\/centernet.pcusa.org\/together-justice\/wp-json\/wp\/v2\/posts\/1162\/revisions"}],"predecessor-version":[{"id":1199,"href":"https:\/\/centernet.pcusa.org\/together-justice\/wp-json\/wp\/v2\/posts\/1162\/revisions\/1199"}],"wp:featuredmedia":[{"embeddable":true,"href":"https:\/\/centernet.pcusa.org\/together-justice\/wp-json\/wp\/v2\/media\/1116"}],"wp:attachment":[{"href":"https:\/\/centernet.pcusa.org\/together-justice\/wp-json\/wp\/v2\/media?parent=1162"}],"wp:term":[{"taxonomy":"category","embeddable":true,"href":"https:\/\/centernet.pcusa.org\/together-justice\/wp-json\/wp\/v2\/categories?post=1162"},{"taxonomy":"post_tag","embeddable":true,"href":"https:\/\/centernet.pcusa.org\/together-justice\/wp-json\/wp\/v2\/tags?post=1162"}],"curies":[{"name":"wp","href":"https:\/\/api.w.org\/{rel}","templated":true}]}}