{"id":1097,"date":"2020-03-06T12:57:29","date_gmt":"2020-03-06T17:57:29","guid":{"rendered":"http:\/\/www.presbyterianmission.org\/together-justice\/?p=1097"},"modified":"2020-03-27T14:44:03","modified_gmt":"2020-03-27T18:44:03","slug":"un-legado-de-defensa-de-los-derechos-humanos-y-restauracion-de-la-dignidad","status":"publish","type":"post","link":"https:\/\/centernet.pcusa.org\/together-justice\/2020\/03\/06\/un-legado-de-defensa-de-los-derechos-humanos-y-restauracion-de-la-dignidad\/","title":{"rendered":"Un legado de defensa de los derechos humanos y restauraci\u00f3n de la dignidad"},"content":{"rendered":"<h5>De Conrado Oliver | Red Uniendo Manos Peru\u00a0\u00a0\u00a0\u00a0\u00a0\u00a0\u00a0\u00a0\u00a0\u00a0\u00a0\u00a0\u00a0\u00a0\u00a0\u00a0\u00a0\u00a0\u00a0\u00a0\u00a0\u00a0\u00a0\u00a0\u00a0\u00a0\u00a0\u00a0\u00a0\u00a0\u00a0\u00a0\u00a0\u00a0\u00a0\u00a0\u00a0\u00a0\u00a0\u00a0\u00a0\u00a0\u00a0\u00a0\u00a0\u00a0\u00a0<span style=\"color: #3366ff\"> \u00a0\u00a0 \u00a0\u00a0 \u00a0\u00a0 \u00a0\u00a0 \u00a0\u00a0 \u00a0\u00a0 \u00a0\u00a0 \u00a0\u00a0 \u00a0\u00a0 \u00a0\u00a0 \u00a0\u00a0 \u00a0\u00a0 \u00a0\u00a0\u00a0 <\/span><\/h5>\n<h5><span style=\"color: #3366ff\"><a href=\"https:\/\/www.presbyterianmission.org\/together-justice\/2020\/02\/26\/a-legacy-of-defending-human-rights-and-restoring-dignity\/\"><span class=\"tlid-translation translation\" lang=\"es\"><span class=\"\" title=\"\">For the English Version<\/span><\/span><\/a><\/span><\/h5>\n<div id=\"attachment_1058\" style=\"width: 1034px\" class=\"wp-caption aligncenter\"><a href=\"https:\/\/www.presbyterianmission.org\/wp-content\/uploads\/sites\/21\/unspecified.jpg\" title=\"\" rel=\"lightbox-0\"><img loading=\"lazy\" decoding=\"async\" aria-describedby=\"caption-attachment-1058\" class=\"size-full wp-image-1058\" src=\"https:\/\/www.presbyterianmission.org\/wp-content\/uploads\/sites\/21\/unspecified.jpg\" alt=\"\" width=\"1024\" height=\"683\" \/><\/a><p id=\"caption-attachment-1058\" class=\"wp-caption-text\">Conrado Olivera speaking at Ecumenical Advocacy Days in 2016. Photo by Valery Nodem.<\/p><\/div>\n<p>Aqu\u00ed en Per\u00fa, a fines de la d\u00e9cada de 1990, con la facilitaci\u00f3n de la Iglesia Presbiteriana (EE. UU.), una convergencia de personas e instituciones de ideas afines se unieron para formar la Red Uniendo Manos Per\u00fa.<\/p>\n<p>Con todas sus responsabilidades, oportunidades y riesgos, estos 20 a\u00f1os de vida para la Red Uniendo Manos Per\u00fa han pasado r\u00e1pidamente, dejando marcas indelebles en cada uno de sus miembros y actores. Como pedagog\u00eda de la vida y para la vida, estas dos \u00faltimas d\u00e9cadas nos han ense\u00f1ado a todos que somos seres de creaci\u00f3n en este planeta, llamados a unirnos en la realizaci\u00f3n de la sostenibilidad para todos.<\/p>\n<p>Nuestro pa\u00eds es muy diverso de manera social, cultural, geogr\u00e1fica, econ\u00f3mica y ecol\u00f3gicamente. Los problemas que enfrentamos tambi\u00e9n son diversos y est\u00e1n relacionados con problemas globales m\u00e1s amplios: aumento de los niveles de contaminaci\u00f3n, escasez de recursos h\u00eddricos, sequ\u00edas y desertificaci\u00f3n, cambio clim\u00e1tico, p\u00e9rdida de biodiversidad y un colapso en la equidad de los flujos de comercio internacional.<\/p>\n<p>Durante mucho tiempo, nuestro pa\u00eds ha enfrentado demandas de profundos cambios estructurales. Estas demandas surgieron despu\u00e9s de a\u00f1os de violencia interna que impact\u00f3 severamente a las comunidades rurales y nativas, gener\u00f3 altas tasas de inflaci\u00f3n y finalmente allan\u00f3 el camino para gobiernos autoritarios que liberalizaron los mercados de acuerdo con los principios capitalistas de explotaci\u00f3n y dominaci\u00f3n.<\/p>\n<p>En este contexto, el gobierno de Per\u00fa subast\u00f3 empresas p\u00fablicas y privatiz\u00f3 activos comunitarios. Fue entonces cuando la empresa norteamericana Doe Run &#8220;gan\u00f3&#8221; el concurso de privatizaci\u00f3n y se convirti\u00f3 en propietaria del Complejo Metal\u00fargico La Oroya y asumi\u00f3 la responsabilidad de implementar un programa de gesti\u00f3n y adaptaci\u00f3n ambiental, as\u00ed como atenci\u00f3n m\u00e9dica para la poblaci\u00f3n. Ninguno de estos objetivos se cumpli\u00f3 jam\u00e1s.<\/p>\n<p>Durante estos a\u00f1os, implementamos varias iniciativas en defensa de los derechos humanos y la restauraci\u00f3n de la dignidad de las personas. Abordamos los problemas ambientales, de acuerdo con las demandas de la poblaci\u00f3n de La Oroya y otras \u00e1reas afectadas por la exposici\u00f3n a la contaminaci\u00f3n ambiental debido a actividades de miner\u00eda metal\u00fargica, como el cuidado de las fuentes de agua superficial y la remediaci\u00f3n de suelos degradados, con el fin de restaurar los ecosistemas perdidos.<\/p>\n<p>Tambi\u00e9n apoyamos iniciativas contra la pobreza promoviendo las iniciativas econ\u00f3micas de los artesanos locales que producen a partir de la riqueza de su cultura.<\/p>\n<div id=\"attachment_1057\" style=\"width: 464px\" class=\"wp-caption alignleft\"><a href=\"https:\/\/www.presbyterianmission.org\/wp-content\/uploads\/sites\/21\/82510189.jpg\" title=\"\" rel=\"lightbox-1\"><img loading=\"lazy\" decoding=\"async\" aria-describedby=\"caption-attachment-1057\" class=\" wp-image-1057\" src=\"https:\/\/www.presbyterianmission.org\/wp-content\/uploads\/sites\/21\/82510189-500x375.jpg\" alt=\"\" width=\"454\" height=\"340\" srcset=\"https:\/\/centernet.pcusa.org\/wp-content\/uploads\/sites\/21\/82510189-500x375.jpg 500w, https:\/\/centernet.pcusa.org\/wp-content\/uploads\/sites\/21\/82510189-1024x768.jpg 1024w, https:\/\/centernet.pcusa.org\/wp-content\/uploads\/sites\/21\/82510189-1000x750.jpg 1000w, https:\/\/centernet.pcusa.org\/wp-content\/uploads\/sites\/21\/82510189-400x300.jpg 400w, https:\/\/centernet.pcusa.org\/wp-content\/uploads\/sites\/21\/82510189.jpg 1365w\" sizes=\"(max-width: 454px) 100vw, 454px\" \/><\/a><p id=\"caption-attachment-1057\" class=\"wp-caption-text\">The Doe Run Peru metallurgical smelter. Photo courtesy of Red Uniendo Manos Peru.<\/p><\/div>\n<p>Facilitamos experiencias de voluntariado en Am\u00e9rica del Norte en distintas localidades de todo el Per\u00fa. Y, servimos como un puente en la construcci\u00f3n de la solidaridad entre los grupos de presbiterianos estadounidenses y las poblaciones de la comunidad local en Per\u00fa.<\/p>\n<p>Tambi\u00e9n contribuimos a la restituci\u00f3n de las personas que sufrieron los impactos de desastres y otras tragedias. Todo este trabajo y los espacios en los que estuvimos involucrados trajeron sus propios resultados, logros, avances y, por supuesto, frustraciones.<\/p>\n<p>Hoy, podemos afirmar que se han logrado avances significativos en la adopci\u00f3n de regulaciones a favor de la salud de la poblaci\u00f3n o en la reducci\u00f3n de la contaminaci\u00f3n ambiental en La Oroya y sus alrededores. Asimismo, la Ley de Artesanos que promovimos ha tra\u00eddo avances a la protecci\u00f3n y seguridad de las comunidades locales.<\/p>\n<p>Entonces, hemos aprendido que nadie tiene la soluci\u00f3n completa para situaciones complejas como La Oroya o Per\u00fa en general. Incluso con la planta metal\u00fargica paralizada, tenemos muchos desaf\u00edos ambientales y sociales que afectan a todos los peruanos.<\/p>\n<p>Despu\u00e9s de estos \u00faltimos veinte a\u00f1os de actividad extractiva intensificada impulsada por la econom\u00eda de mercado, basada en la obtenci\u00f3n de ganancias, sin pasar por las necesidades de la poblaci\u00f3n, nuestra respuesta a la salud ambiental y humana a\u00fan no es suficiente. Adem\u00e1s, ser\u00eda pretencioso decir que los avances realizados se debieron solo a las acciones de una sola instituci\u00f3n, como la Red Uniendo Manos Per\u00fa. Sin embargo, podemos dar fe de que hemos contribuido a las soluciones de una manera decidida y humanista.<\/p>\n<p>Los problemas de sostenibilidad y vulnerabilidad de las poblaciones m\u00e1s fr\u00e1giles a\u00fan no se han resuelto. Uno puede sentir un cierto nivel de quiebre en las organizaciones sociales y un creciente individualismo que enfatiza el oportunismo, todo lo cual expande los riesgos del autoritarismo en algunos sectores.<\/p>\n<p>Sin embargo, cada uno de nosotros tiene un papel importante para contribuir a la regeneraci\u00f3n. En estos tiempos de caos, crisis migratorias, cambios clim\u00e1ticos violentos y dificultad para distinguir lo verdadero de lo falso, necesitamos urgentemente entornos y espacios m\u00e1s saludables, que promuevan el respeto mutuo y el di\u00e1logo, para alcanzar el consenso y los compromisos dados nuestras diversas realidades. Esto es en efecto un proceso de construcci\u00f3n genuina de la Iglesia.<\/p>\n<p>Incluso con nuestras dificultades y limitaciones, seguimos acompa\u00f1ando a la poblaci\u00f3n local en sus esfuerzos por trabajar por un ambiente de calidad, salud y vida integral, y respeto por los seres m\u00e1s peque\u00f1os de la creaci\u00f3n, con el deseo de unirnos a todos como iguales.<\/p>\n<p><em>The work of the Presbyterian Hunger Program is possible thanks to your gifts to\u00a0<\/em><a href=\"https:\/\/www.presbyterianmission.org\/donate\/og300000\/\"><em>One Great Hour of Sharing<\/em><\/a><\/p>\n","protected":false},"excerpt":{"rendered":"De Conrado Oliver | Red Uniendo Manos Peru\u00a0\u00a0\u00a0\u00a0\u00a0\u00a0\u00a0\u00a0\u00a0\u00a0\u00a0\u00a0\u00a0\u00a0\u00a0\u00a0\u00a0\u00a0\u00a0\u00a0\u00a0\u00a0\u00a0\u00a0\u00a0\u00a0\u00a0\u00a0\u00a0\u00a0\u00a0\u00a0\u00a0\u00a0\u00a0\u00a0\u00a0\u00a0\u00a0\u00a0\u00a0\u00a0\u00a0\u00a0\u00a0\u00a0\u00a0 \u00a0\u00a0 \u00a0\u00a0 \u00a0\u00a0 \u00a0\u00a0 \u00a0\u00a0 \u00a0\u00a0 \u00a0\u00a0 \u00a0\u00a0 \u00a0\u00a0 \u00a0\u00a0 \u00a0\u00a0 \u00a0\u00a0 \u00a0\u00a0\u00a0 For the English Version Aqu\u00ed en Per\u00fa, a fines de la d\u00e9cada de 1990, con la facilitaci\u00f3n de la Iglesia Presbiteriana (EE. UU.), una convergencia de personas e instituciones de ideas afines se unieron&#8230;  <a class=\"excerpt-read-more\" href=\"https:\/\/centernet.pcusa.org\/together-justice\/2020\/03\/06\/un-legado-de-defensa-de-los-derechos-humanos-y-restauracion-de-la-dignidad\/\" title=\"ReadUn legado de defensa de los derechos humanos y restauraci\u00f3n de la dignidad\">Read more &raquo;<\/a>","protected":false},"author":50,"featured_media":1058,"comment_status":"open","ping_status":"open","sticky":false,"template":"","format":"standard","meta":{"_acf_changed":false,"ngg_post_thumbnail":0,"footnotes":""},"categories":[49,39,38],"tags":[481,85,19,25,26,12],"class_list":["post-1097","post","type-post","status-publish","format-standard","has-post-thumbnail","hentry","category-advocacy","category-extractive-industries","category-peru","tag-advocacy","tag-environmental-health","tag-joining-hands","tag-la-oroya","tag-mining","tag-peru"],"yoast_head":"<!-- This site is optimized with the Yoast SEO Premium plugin v22.5 (Yoast SEO v23.5) - https:\/\/yoast.com\/wordpress\/plugins\/seo\/ -->\n<title>Un legado de defensa de los derechos humanos y restauraci\u00f3n de la dignidad - Together for Justice<\/title>\n<meta name=\"robots\" content=\"index, follow, max-snippet:-1, max-image-preview:large, max-video-preview:-1\" \/>\n<link rel=\"canonical\" href=\"https:\/\/centernet.pcusa.org\/together-justice\/2020\/03\/06\/un-legado-de-defensa-de-los-derechos-humanos-y-restauracion-de-la-dignidad\/\" \/>\n<meta property=\"og:locale\" content=\"en_US\" \/>\n<meta property=\"og:type\" content=\"article\" \/>\n<meta property=\"og:title\" content=\"Un legado de defensa de los derechos humanos y restauraci\u00f3n de la dignidad\" \/>\n<meta property=\"og:description\" content=\"De Conrado Oliver | Red Uniendo Manos Peru\u00a0\u00a0\u00a0\u00a0\u00a0\u00a0\u00a0\u00a0\u00a0\u00a0\u00a0\u00a0\u00a0\u00a0\u00a0\u00a0\u00a0\u00a0\u00a0\u00a0\u00a0\u00a0\u00a0\u00a0\u00a0\u00a0\u00a0\u00a0\u00a0\u00a0\u00a0\u00a0\u00a0\u00a0\u00a0\u00a0\u00a0\u00a0\u00a0\u00a0\u00a0\u00a0\u00a0\u00a0\u00a0\u00a0\u00a0 \u00a0\u00a0 \u00a0\u00a0 \u00a0\u00a0 \u00a0\u00a0 \u00a0\u00a0 \u00a0\u00a0 \u00a0\u00a0 \u00a0\u00a0 \u00a0\u00a0 \u00a0\u00a0 \u00a0\u00a0 \u00a0\u00a0 \u00a0\u00a0\u00a0 For the English Version Aqu\u00ed en Per\u00fa, a fines de la d\u00e9cada de 1990, con la facilitaci\u00f3n de la Iglesia Presbiteriana (EE. UU.), una convergencia de personas e instituciones de ideas afines se unieron... Read more &raquo;\" \/>\n<meta property=\"og:url\" content=\"https:\/\/centernet.pcusa.org\/together-justice\/2020\/03\/06\/un-legado-de-defensa-de-los-derechos-humanos-y-restauracion-de-la-dignidad\/\" \/>\n<meta property=\"og:site_name\" content=\"Together for Justice\" \/>\n<meta property=\"article:published_time\" content=\"2020-03-06T17:57:29+00:00\" \/>\n<meta property=\"article:modified_time\" content=\"2020-03-27T18:44:03+00:00\" \/>\n<meta property=\"og:image\" content=\"https:\/\/centernet.pcusa.org\/wp-content\/uploads\/sites\/21\/unspecified-e1583517048330.jpg\" \/>\n\t<meta property=\"og:image:width\" content=\"300\" \/>\n\t<meta property=\"og:image:height\" content=\"200\" \/>\n\t<meta property=\"og:image:type\" content=\"image\/jpeg\" \/>\n<meta name=\"author\" content=\"Eileen Schuhmann\" \/>\n<meta name=\"twitter:card\" content=\"summary_large_image\" \/>\n<meta name=\"twitter:label1\" content=\"Written by\" \/>\n\t<meta name=\"twitter:data1\" content=\"Eileen Schuhmann\" \/>\n\t<meta name=\"twitter:label2\" content=\"Est. reading time\" \/>\n\t<meta name=\"twitter:data2\" content=\"5 minutes\" \/>\n<script type=\"application\/ld+json\" class=\"yoast-schema-graph\">{\"@context\":\"https:\/\/schema.org\",\"@graph\":[{\"@type\":\"WebPage\",\"@id\":\"https:\/\/centernet.pcusa.org\/together-justice\/2020\/03\/06\/un-legado-de-defensa-de-los-derechos-humanos-y-restauracion-de-la-dignidad\/\",\"url\":\"https:\/\/centernet.pcusa.org\/together-justice\/2020\/03\/06\/un-legado-de-defensa-de-los-derechos-humanos-y-restauracion-de-la-dignidad\/\",\"name\":\"Un legado de defensa de los derechos humanos y restauraci\u00f3n de la dignidad - Together for Justice\",\"isPartOf\":{\"@id\":\"https:\/\/centernet.pcusa.org\/together-justice\/#website\"},\"primaryImageOfPage\":{\"@id\":\"https:\/\/centernet.pcusa.org\/together-justice\/2020\/03\/06\/un-legado-de-defensa-de-los-derechos-humanos-y-restauracion-de-la-dignidad\/#primaryimage\"},\"image\":{\"@id\":\"https:\/\/centernet.pcusa.org\/together-justice\/2020\/03\/06\/un-legado-de-defensa-de-los-derechos-humanos-y-restauracion-de-la-dignidad\/#primaryimage\"},\"thumbnailUrl\":\"https:\/\/centernet.pcusa.org\/wp-content\/uploads\/sites\/21\/unspecified-e1583517048330.jpg\",\"datePublished\":\"2020-03-06T17:57:29+00:00\",\"dateModified\":\"2020-03-27T18:44:03+00:00\",\"author\":{\"@id\":\"https:\/\/centernet.pcusa.org\/together-justice\/#\/schema\/person\/bf4526b5c2403a9fa3134e3fab5fa7c0\"},\"breadcrumb\":{\"@id\":\"https:\/\/centernet.pcusa.org\/together-justice\/2020\/03\/06\/un-legado-de-defensa-de-los-derechos-humanos-y-restauracion-de-la-dignidad\/#breadcrumb\"},\"inLanguage\":\"en-US\",\"potentialAction\":[{\"@type\":\"ReadAction\",\"target\":[\"https:\/\/centernet.pcusa.org\/together-justice\/2020\/03\/06\/un-legado-de-defensa-de-los-derechos-humanos-y-restauracion-de-la-dignidad\/\"]}]},{\"@type\":\"ImageObject\",\"inLanguage\":\"en-US\",\"@id\":\"https:\/\/centernet.pcusa.org\/together-justice\/2020\/03\/06\/un-legado-de-defensa-de-los-derechos-humanos-y-restauracion-de-la-dignidad\/#primaryimage\",\"url\":\"https:\/\/centernet.pcusa.org\/wp-content\/uploads\/sites\/21\/unspecified-e1583517048330.jpg\",\"contentUrl\":\"https:\/\/centernet.pcusa.org\/wp-content\/uploads\/sites\/21\/unspecified-e1583517048330.jpg\",\"width\":300,\"height\":200,\"caption\":\"Conrado Olivera speaking at Ecumenical Advocacy Days in 2016. Photo by Valery Nodem.\"},{\"@type\":\"BreadcrumbList\",\"@id\":\"https:\/\/centernet.pcusa.org\/together-justice\/2020\/03\/06\/un-legado-de-defensa-de-los-derechos-humanos-y-restauracion-de-la-dignidad\/#breadcrumb\",\"itemListElement\":[{\"@type\":\"ListItem\",\"position\":1,\"name\":\"Home\",\"item\":\"https:\/\/centernet.pcusa.org\/together-justice\/\"},{\"@type\":\"ListItem\",\"position\":2,\"name\":\"Un legado de defensa de los derechos humanos y restauraci\u00f3n de la dignidad\"}]},{\"@type\":\"WebSite\",\"@id\":\"https:\/\/centernet.pcusa.org\/together-justice\/#website\",\"url\":\"https:\/\/centernet.pcusa.org\/together-justice\/\",\"name\":\"Together for Justice\",\"description\":\"International Development and Advocacy\",\"potentialAction\":[{\"@type\":\"SearchAction\",\"target\":{\"@type\":\"EntryPoint\",\"urlTemplate\":\"https:\/\/centernet.pcusa.org\/together-justice\/?s={search_term_string}\"},\"query-input\":{\"@type\":\"PropertyValueSpecification\",\"valueRequired\":true,\"valueName\":\"search_term_string\"}}],\"inLanguage\":\"en-US\"},{\"@type\":\"Person\",\"@id\":\"https:\/\/centernet.pcusa.org\/together-justice\/#\/schema\/person\/bf4526b5c2403a9fa3134e3fab5fa7c0\",\"name\":\"Eileen Schuhmann\",\"image\":{\"@type\":\"ImageObject\",\"inLanguage\":\"en-US\",\"@id\":\"https:\/\/centernet.pcusa.org\/together-justice\/#\/schema\/person\/image\/\",\"url\":\"https:\/\/secure.gravatar.com\/avatar\/269a36ccaecffdd8c4707b5eff4425b5?s=96&d=mm&r=g\",\"contentUrl\":\"https:\/\/secure.gravatar.com\/avatar\/269a36ccaecffdd8c4707b5eff4425b5?s=96&d=mm&r=g\",\"caption\":\"Eileen Schuhmann\"},\"url\":\"https:\/\/centernet.pcusa.org\/together-justice\/author\/eileenschuhmann\/\"}]}<\/script>\n<!-- \/ Yoast SEO Premium plugin. -->","yoast_head_json":{"title":"Un legado de defensa de los derechos humanos y restauraci\u00f3n de la dignidad - Together for Justice","robots":{"index":"index","follow":"follow","max-snippet":"max-snippet:-1","max-image-preview":"max-image-preview:large","max-video-preview":"max-video-preview:-1"},"canonical":"https:\/\/centernet.pcusa.org\/together-justice\/2020\/03\/06\/un-legado-de-defensa-de-los-derechos-humanos-y-restauracion-de-la-dignidad\/","og_locale":"en_US","og_type":"article","og_title":"Un legado de defensa de los derechos humanos y restauraci\u00f3n de la dignidad","og_description":"De Conrado Oliver | Red Uniendo Manos Peru\u00a0\u00a0\u00a0\u00a0\u00a0\u00a0\u00a0\u00a0\u00a0\u00a0\u00a0\u00a0\u00a0\u00a0\u00a0\u00a0\u00a0\u00a0\u00a0\u00a0\u00a0\u00a0\u00a0\u00a0\u00a0\u00a0\u00a0\u00a0\u00a0\u00a0\u00a0\u00a0\u00a0\u00a0\u00a0\u00a0\u00a0\u00a0\u00a0\u00a0\u00a0\u00a0\u00a0\u00a0\u00a0\u00a0\u00a0 \u00a0\u00a0 \u00a0\u00a0 \u00a0\u00a0 \u00a0\u00a0 \u00a0\u00a0 \u00a0\u00a0 \u00a0\u00a0 \u00a0\u00a0 \u00a0\u00a0 \u00a0\u00a0 \u00a0\u00a0 \u00a0\u00a0 \u00a0\u00a0\u00a0 For the English Version Aqu\u00ed en Per\u00fa, a fines de la d\u00e9cada de 1990, con la facilitaci\u00f3n de la Iglesia Presbiteriana (EE. UU.), una convergencia de personas e instituciones de ideas afines se unieron... Read more &raquo;","og_url":"https:\/\/centernet.pcusa.org\/together-justice\/2020\/03\/06\/un-legado-de-defensa-de-los-derechos-humanos-y-restauracion-de-la-dignidad\/","og_site_name":"Together for Justice","article_published_time":"2020-03-06T17:57:29+00:00","article_modified_time":"2020-03-27T18:44:03+00:00","og_image":[{"width":300,"height":200,"url":"https:\/\/centernet.pcusa.org\/wp-content\/uploads\/sites\/21\/unspecified-e1583517048330.jpg","type":"image\/jpeg"}],"author":"Eileen Schuhmann","twitter_card":"summary_large_image","twitter_misc":{"Written by":"Eileen Schuhmann","Est. reading time":"5 minutes"},"schema":{"@context":"https:\/\/schema.org","@graph":[{"@type":"WebPage","@id":"https:\/\/centernet.pcusa.org\/together-justice\/2020\/03\/06\/un-legado-de-defensa-de-los-derechos-humanos-y-restauracion-de-la-dignidad\/","url":"https:\/\/centernet.pcusa.org\/together-justice\/2020\/03\/06\/un-legado-de-defensa-de-los-derechos-humanos-y-restauracion-de-la-dignidad\/","name":"Un legado de defensa de los derechos humanos y restauraci\u00f3n de la dignidad - Together for Justice","isPartOf":{"@id":"https:\/\/centernet.pcusa.org\/together-justice\/#website"},"primaryImageOfPage":{"@id":"https:\/\/centernet.pcusa.org\/together-justice\/2020\/03\/06\/un-legado-de-defensa-de-los-derechos-humanos-y-restauracion-de-la-dignidad\/#primaryimage"},"image":{"@id":"https:\/\/centernet.pcusa.org\/together-justice\/2020\/03\/06\/un-legado-de-defensa-de-los-derechos-humanos-y-restauracion-de-la-dignidad\/#primaryimage"},"thumbnailUrl":"https:\/\/centernet.pcusa.org\/wp-content\/uploads\/sites\/21\/unspecified-e1583517048330.jpg","datePublished":"2020-03-06T17:57:29+00:00","dateModified":"2020-03-27T18:44:03+00:00","author":{"@id":"https:\/\/centernet.pcusa.org\/together-justice\/#\/schema\/person\/bf4526b5c2403a9fa3134e3fab5fa7c0"},"breadcrumb":{"@id":"https:\/\/centernet.pcusa.org\/together-justice\/2020\/03\/06\/un-legado-de-defensa-de-los-derechos-humanos-y-restauracion-de-la-dignidad\/#breadcrumb"},"inLanguage":"en-US","potentialAction":[{"@type":"ReadAction","target":["https:\/\/centernet.pcusa.org\/together-justice\/2020\/03\/06\/un-legado-de-defensa-de-los-derechos-humanos-y-restauracion-de-la-dignidad\/"]}]},{"@type":"ImageObject","inLanguage":"en-US","@id":"https:\/\/centernet.pcusa.org\/together-justice\/2020\/03\/06\/un-legado-de-defensa-de-los-derechos-humanos-y-restauracion-de-la-dignidad\/#primaryimage","url":"https:\/\/centernet.pcusa.org\/wp-content\/uploads\/sites\/21\/unspecified-e1583517048330.jpg","contentUrl":"https:\/\/centernet.pcusa.org\/wp-content\/uploads\/sites\/21\/unspecified-e1583517048330.jpg","width":300,"height":200,"caption":"Conrado Olivera speaking at Ecumenical Advocacy Days in 2016. Photo by Valery Nodem."},{"@type":"BreadcrumbList","@id":"https:\/\/centernet.pcusa.org\/together-justice\/2020\/03\/06\/un-legado-de-defensa-de-los-derechos-humanos-y-restauracion-de-la-dignidad\/#breadcrumb","itemListElement":[{"@type":"ListItem","position":1,"name":"Home","item":"https:\/\/centernet.pcusa.org\/together-justice\/"},{"@type":"ListItem","position":2,"name":"Un legado de defensa de los derechos humanos y restauraci\u00f3n de la dignidad"}]},{"@type":"WebSite","@id":"https:\/\/centernet.pcusa.org\/together-justice\/#website","url":"https:\/\/centernet.pcusa.org\/together-justice\/","name":"Together for Justice","description":"International Development and Advocacy","potentialAction":[{"@type":"SearchAction","target":{"@type":"EntryPoint","urlTemplate":"https:\/\/centernet.pcusa.org\/together-justice\/?s={search_term_string}"},"query-input":{"@type":"PropertyValueSpecification","valueRequired":true,"valueName":"search_term_string"}}],"inLanguage":"en-US"},{"@type":"Person","@id":"https:\/\/centernet.pcusa.org\/together-justice\/#\/schema\/person\/bf4526b5c2403a9fa3134e3fab5fa7c0","name":"Eileen Schuhmann","image":{"@type":"ImageObject","inLanguage":"en-US","@id":"https:\/\/centernet.pcusa.org\/together-justice\/#\/schema\/person\/image\/","url":"https:\/\/secure.gravatar.com\/avatar\/269a36ccaecffdd8c4707b5eff4425b5?s=96&d=mm&r=g","contentUrl":"https:\/\/secure.gravatar.com\/avatar\/269a36ccaecffdd8c4707b5eff4425b5?s=96&d=mm&r=g","caption":"Eileen Schuhmann"},"url":"https:\/\/centernet.pcusa.org\/together-justice\/author\/eileenschuhmann\/"}]}},"acf":[],"_links":{"self":[{"href":"https:\/\/centernet.pcusa.org\/together-justice\/wp-json\/wp\/v2\/posts\/1097"}],"collection":[{"href":"https:\/\/centernet.pcusa.org\/together-justice\/wp-json\/wp\/v2\/posts"}],"about":[{"href":"https:\/\/centernet.pcusa.org\/together-justice\/wp-json\/wp\/v2\/types\/post"}],"author":[{"embeddable":true,"href":"https:\/\/centernet.pcusa.org\/together-justice\/wp-json\/wp\/v2\/users\/50"}],"replies":[{"embeddable":true,"href":"https:\/\/centernet.pcusa.org\/together-justice\/wp-json\/wp\/v2\/comments?post=1097"}],"version-history":[{"count":8,"href":"https:\/\/centernet.pcusa.org\/together-justice\/wp-json\/wp\/v2\/posts\/1097\/revisions"}],"predecessor-version":[{"id":1200,"href":"https:\/\/centernet.pcusa.org\/together-justice\/wp-json\/wp\/v2\/posts\/1097\/revisions\/1200"}],"wp:featuredmedia":[{"embeddable":true,"href":"https:\/\/centernet.pcusa.org\/together-justice\/wp-json\/wp\/v2\/media\/1058"}],"wp:attachment":[{"href":"https:\/\/centernet.pcusa.org\/together-justice\/wp-json\/wp\/v2\/media?parent=1097"}],"wp:term":[{"taxonomy":"category","embeddable":true,"href":"https:\/\/centernet.pcusa.org\/together-justice\/wp-json\/wp\/v2\/categories?post=1097"},{"taxonomy":"post_tag","embeddable":true,"href":"https:\/\/centernet.pcusa.org\/together-justice\/wp-json\/wp\/v2\/tags?post=1097"}],"curies":[{"name":"wp","href":"https:\/\/api.w.org\/{rel}","templated":true}]}}